{"id":71,"__str__":"REQUERIMENTO n\u00ba 9 de 2017","link_detail_backend":"/materia/71","metadata":{},"numero":9,"ano":2017,"numero_protocolo":null,"data_apresentacao":"2017-02-20","tipo_apresentacao":"E","data_publicacao":null,"numero_origem_externa":"001","ano_origem_externa":2017,"data_origem_externa":null,"apelido":"Andr\u00e9 do Sindicato","dias_prazo":null,"data_fim_prazo":null,"em_tramitacao":false,"polemica":true,"objeto":"","complementar":null,"ementa":"O Vereador que o presente subscreve REQUER ao Presidente da C\u00e2mara Municipal de Nova Mamor\u00e9/RO, senhor vereador Altamir Fochesatto, no sentido de solicitar apoio para uma \u201cAudi\u00eancia P\u00fablica a ser realizada no dia 10 de mar\u00e7o de 2017, \u00e0s 10:00 horas no Plen\u00e1rio desta Casa de Leis, para tratar sobre Mudan\u00e7as propostas da Reforma da Previd\u00eancia e os Impactos causados na vida dos trabalhadores e trabalhadoras beneficiadas do INSS - PEC 287 \u2013 UM GOLPE DURO PARA OS TRABALHADORES\u201d.","indexacao":"","observacao":"","resultado":"","texto_original":"http://sapl.novamamore.ro.leg.br/media/sapl/public/materialegislativa/2017/71/requerimento_001-2017.pdf","data_ultima_atualizacao":"2018-07-27T13:45:33.511579-03:00","ip":"","ultima_edicao":null,"tipo":2,"regime_tramitacao":2,"tipo_origem_externa":2,"local_origem_externa":null,"user":null,"anexadas":[],"autores":[3]}