{"id":7135,"__str__":"REQUERIMENTO n\u00ba 3 de 2026","link_detail_backend":"/materia/7135","metadata":{},"numero":3,"ano":2026,"numero_protocolo":118,"data_apresentacao":"2026-03-02","tipo_apresentacao":"E","data_publicacao":null,"numero_origem_externa":"","ano_origem_externa":null,"data_origem_externa":"2026-03-02","apelido":"","dias_prazo":null,"data_fim_prazo":null,"em_tramitacao":true,"polemica":false,"objeto":"","complementar":false,"ementa":"Solicita\u00e7\u00e3o de Audi\u00eancia P\u00fablica para debater sobre \u201cA For\u00e7a e a Import\u00e2ncia das Mulheres na Constru\u00e7\u00e3o de Nova Mamor\u00e9\u201d.","indexacao":"O Vereador Andr\u00e9 do Sindicato, no uso de suas atribui\u00e7\u00f5es legais e regimentais, vem \u00e0 \r\npresen\u00e7a de Vossas Excel\u00eancias requerer a realiza\u00e7\u00e3o de Audi\u00eancia P\u00fablica no dia 20 \r\nde mar\u00e7o de 2026, \u00e0s 15h30, no Plen\u00e1rio da C\u00e2mara Municipal de Nova Mamor\u00e9, com o \r\ntema: \u201cA For\u00e7a e a Import\u00e2ncia das Mulheres na Constru\u00e7\u00e3o de Nova Mamor\u00e9\u201d.               \r\nNova Mamor\u00e9 foi constru\u00edda com o trabalho, a coragem e a determina\u00e7\u00e3o das mulheres. \r\nMulheres da cidade e do campo, servidoras p\u00fablicas, agricultoras, comerciantes, \r\nempreendedoras, m\u00e3es, professoras, profissionais da sa\u00fade e l\u00edderes comunit\u00e1rias que \r\nsustentam fam\u00edlias, movimentam a economia e fortalecem o tecido social do nosso \r\nmunic\u00edpio. \r\nN\u00e3o existe desenvolvimento sustent\u00e1vel sem a participa\u00e7\u00e3o ativa das mulheres. N\u00e3o \r\nexiste justi\u00e7a social sem igualdade de oportunidades. N\u00e3o existe democracia forte sem a \r\npresen\u00e7a feminina nos espa\u00e7os de decis\u00e3o.","observacao":"","resultado":"","texto_original":"http://sapl.novamamore.ro.leg.br/media/sapl/public/materialegislativa/2026/7135/requerimento_n_003-2026_-_solicitacao_de_audiencia_publica.pdf","data_ultima_atualizacao":"2026-03-24T14:18:35.021398-03:00","ip":"45.174.152.80","ultima_edicao":"2026-03-02T18:00:04.546070-03:00","tipo":2,"regime_tramitacao":1,"tipo_origem_externa":null,"local_origem_externa":2,"user":10,"anexadas":[],"autores":[3]}