{"id":7062,"__str__":"REQUERIMENTO n\u00ba 1 de 2026","link_detail_backend":"/materia/7062","metadata":{},"numero":1,"ano":2026,"numero_protocolo":73,"data_apresentacao":"2026-02-02","tipo_apresentacao":"E","data_publicacao":null,"numero_origem_externa":"","ano_origem_externa":null,"data_origem_externa":"2026-02-02","apelido":"","dias_prazo":null,"data_fim_prazo":null,"em_tramitacao":true,"polemica":false,"objeto":"","complementar":false,"ementa":"REQUERIMENTO DE LICEN\u00c7A N\u00ba 01/2026 \u2013 \u00c0 MESA DIRETORA DA C\u00c2MARA MUNICIPAL DE NOVA MAMOR\u00c9/RO \u2013 Do Vereador Jair Alves de Oliveira \u2013 REQUERER LICEN\u00c7A \u201cpara tratar de assunto de interesse particular (inciso II, art. 40, da Lei Org\u00e2nica Municipal), SEM  REMUNERA\u00c7\u00c3O, pelo prazo de 30 (trinta) dias, a partir de 01 de fevereiro de 2026, nos termos da legisla\u00e7\u00e3o vigente\u201d.","indexacao":"JAIR ALVES DE OLIVEIRA, brasileiro, casado, vereador, inscrito no CPF sob o n\u00ba xxxxxxxxxx\r\nno exerc\u00edcio do mandato parlamentar nesta C\u00e2mara Municipal, vem \r\nrespeitosamente \u00e0 presen\u00e7a desta Mesa Diretora, com fundamento no art. 14, $1\u00ba, \r\ninciso 1, do Regimento Interno desta Casa de Leis, bem como no art, 40, inciso 1, \r\nda Lei Org\u00e2nica do Munic\u00edpio, REQUERER LICEN\u00c7A para tratar de assunto de \r\ninteresse particular, SEM REMUNERA\u00c7\u00c3O, pelo prazo de 30 (TRINTA) DIAS, a \r\npartir de 01 de fevereiro de 2026, nos termos da legisla\u00e7\u00e3o vigente: \r\na) Regimento Interno da C\u00e2mara Municipal de Nova Mamor\u00e9/RO: \r\n\"Art. 11. \u00c1 Mesa Diretora compete al\u00e9m das atribu\u00ed\u00e7\u00f5es consignadas \r\nneste Regimento, ou dele implicitamente resultantes: \r\n(...)\r\n\r\nIX \u2014 conceder licen\u00e7a \u00e0 vereadores\". \r\n\r\nb) Lei Org\u00e2nica do Munic\u00edpio de Nova Mamor\u00e9/RO: \r\n\"Art. 40. N\u00e3o perder\u00e1 o mandato o Vereador: \r\n\r\n(...) \r\nII-licenciado pela C\u00e2mara Munic\u00edpal, por motivo de doen\u00e7a ou para \r\ntratar, sem remunera\u00e7\u00e3o, de interesse particular, desde que, neste \r\ncaso, o afastamento n\u00e3o ultrapasse a cento e vinte dias por sess\u00e3o \r\nlegislativa\u201d.","observacao":"","resultado":"","texto_original":"http://sapl.novamamore.ro.leg.br/media/sapl/public/materialegislativa/2026/7062/requerimento_n_001-2026_-_licenca_do_jair.pdf","data_ultima_atualizacao":"2026-02-09T15:33:31.149128-03:00","ip":"45.174.152.80","ultima_edicao":"2026-02-09T15:33:31.002415-03:00","tipo":2,"regime_tramitacao":1,"tipo_origem_externa":null,"local_origem_externa":2,"user":10,"anexadas":[],"autores":[126]}