{"id":6800,"__str__":"OF\u00cdCIO n\u00ba 267 de 2025","link_detail_backend":"/materia/6800","metadata":{},"numero":267,"ano":2025,"numero_protocolo":null,"data_apresentacao":"2025-11-26","tipo_apresentacao":"E","data_publicacao":null,"numero_origem_externa":"060","ano_origem_externa":2025,"data_origem_externa":"2025-11-26","apelido":"","dias_prazo":null,"data_fim_prazo":null,"em_tramitacao":true,"polemica":false,"objeto":"","complementar":false,"ementa":"Venho, por meio deste, justificar minha aus\u00eancia nas atividades laborais nos dias 26 e 27 de novembro de 2025, em virtude do exerc\u00edcio das minhas atribui\u00e7\u00f5es como Vereador do Munic\u00edpio de Nova Mamor\u00e9.","indexacao":"","observacao":"","resultado":"","texto_original":"http://sapl.novamamore.ro.leg.br/media/sapl/public/materialegislativa/2025/6800/oficio_n_060-gv-abv-2025__repaired.pdf","data_ultima_atualizacao":"2025-11-26T11:03:14.549282-03:00","ip":"45.174.152.80","ultima_edicao":"2025-11-26T10:56:41.594036-03:00","tipo":13,"regime_tramitacao":5,"tipo_origem_externa":13,"local_origem_externa":3,"user":28,"anexadas":[],"autores":[11]}