{"id":4310,"__str__":"PARECER DAS COMISS\u00d5ES n\u00ba 9 de 2023","link_detail_backend":"/materia/4310","metadata":{},"numero":9,"ano":2023,"numero_protocolo":null,"data_apresentacao":"2023-03-20","tipo_apresentacao":"E","data_publicacao":null,"numero_origem_externa":"002","ano_origem_externa":2023,"data_origem_externa":"2023-03-20","apelido":"","dias_prazo":null,"data_fim_prazo":null,"em_tramitacao":true,"polemica":false,"objeto":"","complementar":false,"ementa":"PARECER N\u00ba 002/CESASOSP/2023\r\n\r\nPROPOSITURA: Projeto de Lei n\u00ba 003/2023 \u2013 qual trata da fixa\u00e7\u00e3o dos subs\u00eddios dos vereadores para Legislatura 2025/2028.\r\nAUTORIA: Mesa Diretora","indexacao":"","observacao":"","resultado":"","texto_original":"http://sapl.novamamore.ro.leg.br/media/sapl/public/materialegislativa/2023/4310/parecer_no_002-cpesasosp-2023-referente_ao_projeto_de_lei_no_003-cmnm-2023.pdf","data_ultima_atualizacao":"2023-03-28T16:37:04.532610-03:00","ip":"181.233.57.182","ultima_edicao":"2023-03-28T16:37:04.293791-03:00","tipo":11,"regime_tramitacao":1,"tipo_origem_externa":11,"local_origem_externa":2,"user":10,"anexadas":[],"autores":[132,124,104,125]}