{"id":1838,"__str__":"INDICA\u00c7\u00c3O n\u00ba 17 de 2020","link_detail_backend":"/materia/1838","metadata":{},"numero":17,"ano":2020,"numero_protocolo":null,"data_apresentacao":"2020-03-09","tipo_apresentacao":"E","data_publicacao":null,"numero_origem_externa":"002","ano_origem_externa":2020,"data_origem_externa":"2020-03-09","apelido":"","dias_prazo":null,"data_fim_prazo":null,"em_tramitacao":true,"polemica":null,"objeto":"","complementar":null,"ementa":"O Vereador que o presente subscreve INDICA ao Excelent\u00edssimo Prefeito\r\n do Munic\u00edpio de Nova Mamor\u00e9/RO, Senhor CLAUDIONOR LEME DA ROCHA,\r\n com c\u00f3pia ao Secret\u00e1rio Municipal de Sa\u00fade - SEMUSA, Senhor RAFAEL TADEU\r\n RIPKE RABELO, para a CONTRATA\u00c7\u00c3O DE 01 (UM) M\u00c9DICO CL\u00cdNICO GERAL, para\r\n atender no Centro de Sa\u00fade \u201cDiol\u00edrio Jos\u00e9 de Oliveira\u201d do Distrito de Nova Dimens\u00e3o,\r\n pertencente a este Munic\u00edpio.","indexacao":"Mediante a grande reclama\u00e7\u00e3o dos moradores do Distrito de Nova Dimens\u00e3o,\r\n solicito ao Prefeito Municipal que determine, junto \u00e0 sua Secretaria competente, \r\nas provid\u00eancias necess\u00e1rias para que seja contratado 01 (um) M\u00e9dico Clinico Geral,\r\n para atuar no Centro de Sa\u00fade daquele distrito, em decorr\u00eancia da grande demanda\r\n de pacientes, fato que est\u00e1 causando transtornos aos que necessitam do atendimento \r\ndo SUS (Sistema \u00danico de Sa\u00fade). A presente propositura tem como a finalidade de\r\n incrementar a presta\u00e7\u00e3o de servi\u00e7os m\u00e9dicos em locais de dif\u00edcil provimento ou de alta\r\n vulnerabilidade, com \u00eanfase na sa\u00fade da fam\u00edlia.","observacao":"","resultado":"","texto_original":"http://sapl.novamamore.ro.leg.br/media/sapl/public/materialegislativa/2020/1838/indicacao_no002.2020.pdf","data_ultima_atualizacao":"2020-03-17T14:35:21.999852-03:00","ip":"177.1.223.41","ultima_edicao":"2020-03-17T14:35:21.392178-03:00","tipo":1,"regime_tramitacao":1,"tipo_origem_externa":1,"local_origem_externa":3,"user":10,"anexadas":[],"autores":[5]}