{"id":58,"__str__":"REUNI\u00c3O DELIBERATIVA","link_detail_backend":"/comissao/reuniao/58","metadata":{},"numero":1,"nome":"REUNI\u00c3O DELIBERATIVA","tema":"APRECIA\u00c7\u00c3O DO PARECER PARA Veto ao Projeto de Lei n\u00ba 010/2023 E PARECER PARA O VETO Parcial ao Projeto de Lei n\u00ba 078-GP/2023, referente \u00e0 Emenda Parla","data":"2024-04-01","hora_inicio":"18:00:00","hora_fim":null,"local_reuniao":"SALA DE REUNI\u00d5ES NAS DEPEND\u00caNCIAS DA C\u00c2MARA MUNICIPAL","observacao":"CONVOCA\u00c7\u00c3O:\r\n\r\nO Presidente da Comiss\u00e3o de Constitui\u00e7\u00e3o e Justi\u00e7a da C\u00e2mara Municipal de\r\nNova Mamor\u00e9/RO, CONVOCA os demais membros da Comiss\u00e3o para a PRIMEIRA\r\nREUNI\u00c3O do ano 2024, os vereadores: Denizio Pereira da Costa - Relator e Jair\r\nAlves de Oliveira - Secret\u00e1rio, a ser realizada no dia 01 de abril de 2024 \u00e0s\r\n18h00min, na Sala de Reuni\u00f5es nas depend\u00eancias da C\u00e2mara Municipal.\r\nA Convoca\u00e7\u00e3o se faz necess\u00e1rio para deliberar sobre a seguinte Pauta:\r\nVeto ao Projeto de Lei n\u00ba 010/2023, que \u201cD\u00e1 nova reda\u00e7\u00e3o ao art. 131 da Lei\r\nMunicipal n\u00b0 61, de 27 de setembro de 1990, para dar direito para hor\u00e1rio especial\r\nao servidor p\u00fablico municipal portador de defici\u00eancia ou com transtorno do espectro\r\nautista e tamb\u00e9m para o servidor p\u00fablico municipal que tenha c\u00f4njuge, filho ou\r\ndependente com defici\u00eancia ou com transtorno do espectro autista, bem como ao\r\nservidor que for tutor, for curador ou respons\u00e1vel pela cria\u00e7\u00e3o, educa\u00e7\u00e3o ou\r\nprote\u00e7\u00e3o do dependente com defici\u00eancia ou com transtorno do espectro autista\u201d.\r\n\r\nVeto Parcial ao Projeto de Lei n\u00ba 078-GP/2023, referente \u00e0 Emenda Parlamentar\r\nn\u00ba 001/2023 \u2013 que \u201cFica o Poder Executivo Municipal autorizado a conceder\r\nemenda parlamentar no valor de R$ 416.102,83 (quatrocentos e dezesseis mil e\r\ncento e dois reais e oitenta e tr\u00eas centavos) na proposta or\u00e7ament\u00e1ria dentro da\r\nseguinte unidade or\u00e7ament\u00e1ria existente no or\u00e7amento anual\u201d.","url_audio":"","url_video":"","upload_pauta":"http://sapl.novamamore.ro.leg.br/media/sapl/public/reuniao/58/pauta/parecer_no_001_ccj_2024-ref._aos_vetos_-pl_010-2023_e_ao_pl_078-2023-emenda_parlamentar.pdf","upload_ata":"http://sapl.novamamore.ro.leg.br/media/sapl/public/reuniao/58/ata/ata_da_1a_reuniao_da_comissao_permanente-ccj-2024-referente_as_vetos_010-2023_e_078-2023.pdf","upload_anexo":"http://sapl.novamamore.ro.leg.br/media/sapl/public/reuniao/58/anexo/1a_convocacao-ccj-2024-referente_aos_vetos-pls_010-2023_e_078-2023-emenda_parlamentar.pdf","periodo":2,"comissao":3}