{"id":78,"__str__":"EMENDA ADITIVA N\u00ba 001/2023 por ANDR\u00c9 LUIZ BAIER-PARLAMENTAR","link_detail_backend":"/comissao/documentoacessorio/78","metadata":{},"nome":"EMENDA ADITIVA N\u00ba 001/2023","data":"2023-03-06","autor":"ANDR\u00c9 LUIZ BAIER-PARLAMENTAR","ementa":"EMENDA N\u00b0 001/2023 ADITIVA AO PROJETO DE LEI N\u00b0 002/2023\r\n\r\nCria-se o par\u00e1grafo \u00fanico no art. 12, do Projeto de Lei n\u00b0 002/2023, com a seguinte reda\u00e7\u00e3o:\r\n\r\nArt. 12. [...].\r\n\r\nPar\u00e1grafo \u00fanico. O n\u00famero de quantidade da fun\u00e7\u00e3o Assistente Legislativo, do Grupo Ocupacional: N\u00edvel M\u00e9dio Completo, do Anexo I, passa de 06 para 02.","indexacao":"Apresenta a seguinte modifica\u00e7\u00e3o para adequa\u00e7\u00e3o quanto \u00e0 organiza\u00e7\u00e3o administrativa do Quadro de Servidores P\u00fablicos de Nova Mamor\u00e9.","arquivo":"http://sapl.novamamore.ro.leg.br/media/sapl/public/documentoacessorio/78/anexo/emenda_aditiva_no_001-2023-referente_ao_projeto_de_lei_no_002-cmnm-2023.pdf","data_ultima_atualizacao":"2023-03-15T12:46:39.534613-03:00","reuniao":48}